{"id":2869,"date":"2019-07-19T11:24:45","date_gmt":"2019-07-19T11:24:45","guid":{"rendered":"http:\/\/78ba2ae1-0676-43d8-99b3-5a0d323af87c.clouding.host\/?p=2869"},"modified":"2020-12-07T10:03:44","modified_gmt":"2020-12-07T10:03:44","slug":"que-es-el-derecho-al-olvido-en-internet","status":"publish","type":"post","link":"http:\/\/78ba2ae1-0676-43d8-99b3-5a0d323af87c.clouding.host\/en\/que-es-el-derecho-al-olvido-en-internet\/","title":{"rendered":"\u00bfQu\u00e9 es el derecho al olvido en internet?"},"content":{"rendered":"<p>Hasta hace muy poquito, los ciudadanos ten\u00edan cuatro derechos fundamentales en relaci\u00f3n al tratamiento de sus datos por parte de las empresas. Cuatro derechos que conocemos como derechos ARCO y que fueron dise\u00f1ados al amparo de la <strong>Ley Org\u00e1nica de Protecci\u00f3n de Datos <\/strong>espa\u00f1ola. Son los derechos de acceso, de rectificaci\u00f3n, de oposici\u00f3n y de cancelaci\u00f3n de los datos personales. Todos ellos creados para proteger a los ciudadanos en un mundo, sobre todo el de internet, donde las empresas manejan ingentes cantidades de informaci\u00f3n confidencial.<\/p>\n<p>No obstante, y desde el 25 de mayo de 2018, los derechos ARCO cuentan con dos derechos adicionales. Y es que aquel d\u00eda entr\u00f3 en vigor el Reglamento General de Protecci\u00f3n de Datos desarrollado de manera conjunta por el Parlamento Europeo y el Consejo de la Uni\u00f3n Europea. \u00bfEl objetivo? Proteger a\u00fan m\u00e1s a los ciudadanos frente a las empresas, instituciones y blogs que utilizan sus datos personales. Estos dos derechos, que ya disfrutan todos los ciudadanos de la Uni\u00f3n Europea, son el <strong>derecho al olvido<\/strong> y el derecho a la portabilidad de los datos.<\/p>\n<p>Este \u00faltimo, una de las novedades de este Reglamento, conocido internacionalmente como <strong>GDPR<\/strong>, autoriza a los ciudadanos a solicitar al responsable del tratamiento de sus datos personales que se los facilite de manera clara a otro responsable. Lo mismo que ya ocurr\u00eda con las compa\u00f1\u00edas telef\u00f3nicas, pero extendido a todas las empresas. El primero, el derecho al olvido, es donde vamos a profundizar a continuaci\u00f3n. Qu\u00e9date con nosotros porque es un tema fundamental, tanto para los ciudadanos como para las empresas encargadas de complacerlo.<\/p>\n<p>&nbsp;<\/p>\n<h2>El derecho al olvido en internet<\/h2>\n<p>Vayamos al grano: el derecho al olvido es un <strong>derecho de petici\u00f3n <\/strong>a trav\u00e9s del cual los ciudadanos exigen a una personas o entidad responsable del tratamiento de sus datos que los elimine. No obstante, este derecho esconde ciertos l\u00edmites. En este sentido, los usuarios solo podr\u00e1n ejecutarlo cuando los datos personales ya no sean \u00fatiles para la finalidad para la que fueron recogidos, cuando hayan sido tratados il\u00edcitamente o cuando se oponga al tratamiento con arreglo al derecho de oposici\u00f3n, entre otros condicionantes.<\/p>\n<p>Condicionantes que hacen que, aunque en apariencia sea un derecho f\u00e1cil de satisfacer por parte de las empresas y aut\u00f3nomos que gestionan datos personales, generen m\u00e1s problemas de los esperados. Adem\u00e1s, debemos tener en cuenta que la informaci\u00f3n confidencial de los usuarios se almacena en muchos lugares distintos, generando a\u00fan m\u00e1s confusi\u00f3n. A tenor de esto, contar con una empresa especializada como <strong><a href=\"http:\/\/78ba2ae1-0676-43d8-99b3-5a0d323af87c.clouding.host\/\" target=\"_blank\" rel=\"noopener noreferrer\">Adarsus<\/a><\/strong> podr\u00eda ahorrarle a tu empresa multas que ascienden, en el peor de los casos, a los 600.000 euros. <strong>Cumplir el GDPR<\/strong> es esencial.<\/p>\n<p>\u00bfPero qu\u00e9 es exactamente este reglamento que tanto temen las empresas? \u00bfPor qu\u00e9 ha generado tanto revuelo? En el siguiente apartado, antes de marcharnos, vamos a daros las claves de la <strong>Ley GDPR<\/strong>.<\/p>\n<p>&nbsp;<\/p>\n<h2>\u00bfQu\u00e9 es GDPR?<\/h2>\n<p>El GDPR, abreviatura inglesa de General Data Protection Regulation, es la normativa vigente que gobierna en la Uni\u00f3n Europea en materia de <strong><em>data protection<\/em><\/strong>. Como dec\u00edamos, su meta principal es proporcionar m\u00e1s control y seguridad a los ciudadanos en relaci\u00f3n a su informaci\u00f3n personal, especialmente en los entornos digitales. En parte, es una respuesta al tratamiento masivo de datos personales realizado en los \u00faltimos a\u00f1os por las grandes multinacionales de internet. Pero s\u00ed, tambi\u00e9n afecta a pymes, aut\u00f3nomos y blogs.<\/p>\n<p>Desde el punto de vista de las empresas, lo <strong>que es GDPR<\/strong> es un quebradero de cabeza. Sobre todo, para todos los departamentos de IT de las mismas. Los par\u00e1metros para la recopilaci\u00f3n, organizaci\u00f3n, gesti\u00f3n y destrucci\u00f3n de los datos personales han cambiado. Las reglas han cambiado. Y esos cambios afectan de diferente manera a cada empresa dependiendo de sus caracter\u00edsticas. No obstante, en Adarsus estamos preparados para ayudarte. Todo cuanto tienes que hacer es levantar el tel\u00e9fono, y te haremos la vida much\u00edsimo m\u00e1s f\u00e1cil.<\/p>\n","protected":false},"excerpt":{"rendered":"<p>Hasta hace muy poquito, los ciudadanos ten\u00edan cuatro derechos fundamentales en relaci\u00f3n al tratamiento de sus datos por parte de las empresas. Cuatro derechos que conocemos como derechos ARCO y que fueron dise\u00f1ados al amparo de la Ley Org\u00e1nica de Protecci\u00f3n de Datos espa\u00f1ola. Son los derechos de acceso, de rectificaci\u00f3n, de oposici\u00f3n y de [&hellip;]<\/p>\n","protected":false},"author":1,"featured_media":2737,"comment_status":"closed","ping_status":"open","sticky":false,"template":"","format":"standard","meta":{"_acf_changed":false,"_et_pb_use_builder":"","_et_pb_old_content":"","_et_gb_content_width":"","footnotes":""},"categories":[41],"tags":[],"class_list":["post-2869","post","type-post","status-publish","format-standard","has-post-thumbnail","hentry","category-uncategorized"],"acf":[],"yoast_head":"<!-- This site is optimized with the Yoast SEO plugin v25.0 - https:\/\/yoast.com\/wordpress\/plugins\/seo\/ -->\n<title>\u00bfQu\u00e9 es el derecho al olvido en Internet? | Adarsus<\/title>\n<meta name=\"description\" content=\"Cumplir con el GDPR resulta imprescindible para cualquier empresa. El derecho al olvido es uno de sus puntos fundamentales. Hoy hablamos sobre qu\u00e9 es.\" \/>\n<meta name=\"robots\" content=\"index, follow, max-snippet:-1, max-image-preview:large, max-video-preview:-1\" \/>\n<link rel=\"canonical\" href=\"http:\/\/78ba2ae1-0676-43d8-99b3-5a0d323af87c.clouding.host\/en\/que-es-el-derecho-al-olvido-en-internet\/\" \/>\n<meta property=\"og:locale\" content=\"en_US\" \/>\n<meta property=\"og:type\" content=\"article\" \/>\n<meta property=\"og:title\" content=\"\u00bfQu\u00e9 es el derecho al olvido en Internet? | Adarsus\" \/>\n<meta property=\"og:description\" content=\"Cumplir con el GDPR resulta imprescindible para cualquier empresa. El derecho al olvido es uno de sus puntos fundamentales. Hoy hablamos sobre qu\u00e9 es.\" \/>\n<meta property=\"og:url\" content=\"http:\/\/78ba2ae1-0676-43d8-99b3-5a0d323af87c.clouding.host\/en\/que-es-el-derecho-al-olvido-en-internet\/\" \/>\n<meta property=\"og:site_name\" content=\"Adarsus\" \/>\n<meta property=\"article:published_time\" content=\"2019-07-19T11:24:45+00:00\" \/>\n<meta property=\"article:modified_time\" content=\"2020-12-07T10:03:44+00:00\" \/>\n<meta property=\"og:image\" content=\"http:\/\/78ba2ae1-0676-43d8-99b3-5a0d323af87c.clouding.host\/wp-content\/uploads\/2019\/07\/derecho-olvido.jpg\" \/>\n\t<meta property=\"og:image:width\" content=\"1000\" \/>\n\t<meta property=\"og:image:height\" content=\"600\" \/>\n\t<meta property=\"og:image:type\" content=\"image\/jpeg\" \/>\n<meta name=\"author\" content=\"Metaclean Team\" \/>\n<meta name=\"twitter:card\" content=\"summary_large_image\" \/>\n<meta name=\"twitter:label1\" content=\"Written by\" \/>\n\t<meta name=\"twitter:data1\" content=\"Metaclean Team\" \/>\n\t<meta name=\"twitter:label2\" content=\"Est. reading time\" \/>\n\t<meta name=\"twitter:data2\" content=\"3 minutes\" \/>\n<script type=\"application\/ld+json\" class=\"yoast-schema-graph\">{\"@context\":\"https:\/\/schema.org\",\"@graph\":[{\"@type\":\"Article\",\"@id\":\"http:\/\/78ba2ae1-0676-43d8-99b3-5a0d323af87c.clouding.host\/en\/que-es-el-derecho-al-olvido-en-internet\/#article\",\"isPartOf\":{\"@id\":\"http:\/\/78ba2ae1-0676-43d8-99b3-5a0d323af87c.clouding.host\/en\/que-es-el-derecho-al-olvido-en-internet\/\"},\"author\":{\"name\":\"Metaclean Team\",\"@id\":\"http:\/\/78ba2ae1-0676-43d8-99b3-5a0d323af87c.clouding.host\/#\/schema\/person\/86409e7eff0b52985ac256506a632793\"},\"headline\":\"\u00bfQu\u00e9 es el derecho al olvido en internet?\",\"datePublished\":\"2019-07-19T11:24:45+00:00\",\"dateModified\":\"2020-12-07T10:03:44+00:00\",\"mainEntityOfPage\":{\"@id\":\"http:\/\/78ba2ae1-0676-43d8-99b3-5a0d323af87c.clouding.host\/en\/que-es-el-derecho-al-olvido-en-internet\/\"},\"wordCount\":703,\"publisher\":{\"@id\":\"http:\/\/78ba2ae1-0676-43d8-99b3-5a0d323af87c.clouding.host\/#organization\"},\"image\":{\"@id\":\"http:\/\/78ba2ae1-0676-43d8-99b3-5a0d323af87c.clouding.host\/en\/que-es-el-derecho-al-olvido-en-internet\/#primaryimage\"},\"thumbnailUrl\":\"http:\/\/78ba2ae1-0676-43d8-99b3-5a0d323af87c.clouding.host\/wp-content\/uploads\/2019\/07\/derecho-olvido.jpg\",\"inLanguage\":\"en-US\"},{\"@type\":\"WebPage\",\"@id\":\"http:\/\/78ba2ae1-0676-43d8-99b3-5a0d323af87c.clouding.host\/en\/que-es-el-derecho-al-olvido-en-internet\/\",\"url\":\"http:\/\/78ba2ae1-0676-43d8-99b3-5a0d323af87c.clouding.host\/en\/que-es-el-derecho-al-olvido-en-internet\/\",\"name\":\"\u00bfQu\u00e9 es el derecho al olvido en Internet? | Adarsus\",\"isPartOf\":{\"@id\":\"http:\/\/78ba2ae1-0676-43d8-99b3-5a0d323af87c.clouding.host\/#website\"},\"primaryImageOfPage\":{\"@id\":\"http:\/\/78ba2ae1-0676-43d8-99b3-5a0d323af87c.clouding.host\/en\/que-es-el-derecho-al-olvido-en-internet\/#primaryimage\"},\"image\":{\"@id\":\"http:\/\/78ba2ae1-0676-43d8-99b3-5a0d323af87c.clouding.host\/en\/que-es-el-derecho-al-olvido-en-internet\/#primaryimage\"},\"thumbnailUrl\":\"http:\/\/78ba2ae1-0676-43d8-99b3-5a0d323af87c.clouding.host\/wp-content\/uploads\/2019\/07\/derecho-olvido.jpg\",\"datePublished\":\"2019-07-19T11:24:45+00:00\",\"dateModified\":\"2020-12-07T10:03:44+00:00\",\"description\":\"Cumplir con el GDPR resulta imprescindible para cualquier empresa. El derecho al olvido es uno de sus puntos fundamentales. Hoy hablamos sobre qu\u00e9 es.\",\"breadcrumb\":{\"@id\":\"http:\/\/78ba2ae1-0676-43d8-99b3-5a0d323af87c.clouding.host\/en\/que-es-el-derecho-al-olvido-en-internet\/#breadcrumb\"},\"inLanguage\":\"en-US\",\"potentialAction\":[{\"@type\":\"ReadAction\",\"target\":[\"http:\/\/78ba2ae1-0676-43d8-99b3-5a0d323af87c.clouding.host\/en\/que-es-el-derecho-al-olvido-en-internet\/\"]}]},{\"@type\":\"ImageObject\",\"inLanguage\":\"en-US\",\"@id\":\"http:\/\/78ba2ae1-0676-43d8-99b3-5a0d323af87c.clouding.host\/en\/que-es-el-derecho-al-olvido-en-internet\/#primaryimage\",\"url\":\"http:\/\/78ba2ae1-0676-43d8-99b3-5a0d323af87c.clouding.host\/wp-content\/uploads\/2019\/07\/derecho-olvido.jpg\",\"contentUrl\":\"http:\/\/78ba2ae1-0676-43d8-99b3-5a0d323af87c.clouding.host\/wp-content\/uploads\/2019\/07\/derecho-olvido.jpg\",\"width\":1000,\"height\":600,\"caption\":\"derecho-olvido\"},{\"@type\":\"BreadcrumbList\",\"@id\":\"http:\/\/78ba2ae1-0676-43d8-99b3-5a0d323af87c.clouding.host\/en\/que-es-el-derecho-al-olvido-en-internet\/#breadcrumb\",\"itemListElement\":[{\"@type\":\"ListItem\",\"position\":1,\"name\":\"Portada\",\"item\":\"http:\/\/78ba2ae1-0676-43d8-99b3-5a0d323af87c.clouding.host\/en\/\"},{\"@type\":\"ListItem\",\"position\":2,\"name\":\"\u00bfQu\u00e9 es el derecho al olvido en internet?\"}]},{\"@type\":\"WebSite\",\"@id\":\"http:\/\/78ba2ae1-0676-43d8-99b3-5a0d323af87c.clouding.host\/#website\",\"url\":\"http:\/\/78ba2ae1-0676-43d8-99b3-5a0d323af87c.clouding.host\/\",\"name\":\"Adarsus - MetaClean\",\"description\":\"Metadata solutions\",\"publisher\":{\"@id\":\"http:\/\/78ba2ae1-0676-43d8-99b3-5a0d323af87c.clouding.host\/#organization\"},\"potentialAction\":[{\"@type\":\"SearchAction\",\"target\":{\"@type\":\"EntryPoint\",\"urlTemplate\":\"http:\/\/78ba2ae1-0676-43d8-99b3-5a0d323af87c.clouding.host\/?s={search_term_string}\"},\"query-input\":{\"@type\":\"PropertyValueSpecification\",\"valueRequired\":true,\"valueName\":\"search_term_string\"}}],\"inLanguage\":\"en-US\"},{\"@type\":\"Organization\",\"@id\":\"http:\/\/78ba2ae1-0676-43d8-99b3-5a0d323af87c.clouding.host\/#organization\",\"name\":\"MetaClean\",\"url\":\"http:\/\/78ba2ae1-0676-43d8-99b3-5a0d323af87c.clouding.host\/\",\"logo\":{\"@type\":\"ImageObject\",\"inLanguage\":\"en-US\",\"@id\":\"http:\/\/78ba2ae1-0676-43d8-99b3-5a0d323af87c.clouding.host\/#\/schema\/logo\/image\/\",\"url\":\"http:\/\/78ba2ae1-0676-43d8-99b3-5a0d323af87c.clouding.host\/wp-content\/uploads\/2018\/12\/metaclean-logo.png\",\"contentUrl\":\"http:\/\/78ba2ae1-0676-43d8-99b3-5a0d323af87c.clouding.host\/wp-content\/uploads\/2018\/12\/metaclean-logo.png\",\"width\":303,\"height\":200,\"caption\":\"MetaClean\"},\"image\":{\"@id\":\"http:\/\/78ba2ae1-0676-43d8-99b3-5a0d323af87c.clouding.host\/#\/schema\/logo\/image\/\"}},{\"@type\":\"Person\",\"@id\":\"http:\/\/78ba2ae1-0676-43d8-99b3-5a0d323af87c.clouding.host\/#\/schema\/person\/86409e7eff0b52985ac256506a632793\",\"name\":\"Metaclean Team\"}]}<\/script>\n<!-- \/ Yoast SEO plugin. -->","yoast_head_json":{"title":"\u00bfQu\u00e9 es el derecho al olvido en Internet? | Adarsus","description":"Cumplir con el GDPR resulta imprescindible para cualquier empresa. El derecho al olvido es uno de sus puntos fundamentales. Hoy hablamos sobre qu\u00e9 es.","robots":{"index":"index","follow":"follow","max-snippet":"max-snippet:-1","max-image-preview":"max-image-preview:large","max-video-preview":"max-video-preview:-1"},"canonical":"http:\/\/78ba2ae1-0676-43d8-99b3-5a0d323af87c.clouding.host\/en\/que-es-el-derecho-al-olvido-en-internet\/","og_locale":"en_US","og_type":"article","og_title":"\u00bfQu\u00e9 es el derecho al olvido en Internet? | Adarsus","og_description":"Cumplir con el GDPR resulta imprescindible para cualquier empresa. El derecho al olvido es uno de sus puntos fundamentales. Hoy hablamos sobre qu\u00e9 es.","og_url":"http:\/\/78ba2ae1-0676-43d8-99b3-5a0d323af87c.clouding.host\/en\/que-es-el-derecho-al-olvido-en-internet\/","og_site_name":"Adarsus","article_published_time":"2019-07-19T11:24:45+00:00","article_modified_time":"2020-12-07T10:03:44+00:00","og_image":[{"width":1000,"height":600,"url":"http:\/\/78ba2ae1-0676-43d8-99b3-5a0d323af87c.clouding.host\/wp-content\/uploads\/2019\/07\/derecho-olvido.jpg","type":"image\/jpeg"}],"author":"Metaclean Team","twitter_card":"summary_large_image","twitter_misc":{"Written by":"Metaclean Team","Est. reading time":"3 minutes"},"schema":{"@context":"https:\/\/schema.org","@graph":[{"@type":"Article","@id":"http:\/\/78ba2ae1-0676-43d8-99b3-5a0d323af87c.clouding.host\/en\/que-es-el-derecho-al-olvido-en-internet\/#article","isPartOf":{"@id":"http:\/\/78ba2ae1-0676-43d8-99b3-5a0d323af87c.clouding.host\/en\/que-es-el-derecho-al-olvido-en-internet\/"},"author":{"name":"Metaclean Team","@id":"http:\/\/78ba2ae1-0676-43d8-99b3-5a0d323af87c.clouding.host\/#\/schema\/person\/86409e7eff0b52985ac256506a632793"},"headline":"\u00bfQu\u00e9 es el derecho al olvido en internet?","datePublished":"2019-07-19T11:24:45+00:00","dateModified":"2020-12-07T10:03:44+00:00","mainEntityOfPage":{"@id":"http:\/\/78ba2ae1-0676-43d8-99b3-5a0d323af87c.clouding.host\/en\/que-es-el-derecho-al-olvido-en-internet\/"},"wordCount":703,"publisher":{"@id":"http:\/\/78ba2ae1-0676-43d8-99b3-5a0d323af87c.clouding.host\/#organization"},"image":{"@id":"http:\/\/78ba2ae1-0676-43d8-99b3-5a0d323af87c.clouding.host\/en\/que-es-el-derecho-al-olvido-en-internet\/#primaryimage"},"thumbnailUrl":"http:\/\/78ba2ae1-0676-43d8-99b3-5a0d323af87c.clouding.host\/wp-content\/uploads\/2019\/07\/derecho-olvido.jpg","inLanguage":"en-US"},{"@type":"WebPage","@id":"http:\/\/78ba2ae1-0676-43d8-99b3-5a0d323af87c.clouding.host\/en\/que-es-el-derecho-al-olvido-en-internet\/","url":"http:\/\/78ba2ae1-0676-43d8-99b3-5a0d323af87c.clouding.host\/en\/que-es-el-derecho-al-olvido-en-internet\/","name":"\u00bfQu\u00e9 es el derecho al olvido en Internet? | Adarsus","isPartOf":{"@id":"http:\/\/78ba2ae1-0676-43d8-99b3-5a0d323af87c.clouding.host\/#website"},"primaryImageOfPage":{"@id":"http:\/\/78ba2ae1-0676-43d8-99b3-5a0d323af87c.clouding.host\/en\/que-es-el-derecho-al-olvido-en-internet\/#primaryimage"},"image":{"@id":"http:\/\/78ba2ae1-0676-43d8-99b3-5a0d323af87c.clouding.host\/en\/que-es-el-derecho-al-olvido-en-internet\/#primaryimage"},"thumbnailUrl":"http:\/\/78ba2ae1-0676-43d8-99b3-5a0d323af87c.clouding.host\/wp-content\/uploads\/2019\/07\/derecho-olvido.jpg","datePublished":"2019-07-19T11:24:45+00:00","dateModified":"2020-12-07T10:03:44+00:00","description":"Cumplir con el GDPR resulta imprescindible para cualquier empresa. El derecho al olvido es uno de sus puntos fundamentales. Hoy hablamos sobre qu\u00e9 es.","breadcrumb":{"@id":"http:\/\/78ba2ae1-0676-43d8-99b3-5a0d323af87c.clouding.host\/en\/que-es-el-derecho-al-olvido-en-internet\/#breadcrumb"},"inLanguage":"en-US","potentialAction":[{"@type":"ReadAction","target":["http:\/\/78ba2ae1-0676-43d8-99b3-5a0d323af87c.clouding.host\/en\/que-es-el-derecho-al-olvido-en-internet\/"]}]},{"@type":"ImageObject","inLanguage":"en-US","@id":"http:\/\/78ba2ae1-0676-43d8-99b3-5a0d323af87c.clouding.host\/en\/que-es-el-derecho-al-olvido-en-internet\/#primaryimage","url":"http:\/\/78ba2ae1-0676-43d8-99b3-5a0d323af87c.clouding.host\/wp-content\/uploads\/2019\/07\/derecho-olvido.jpg","contentUrl":"http:\/\/78ba2ae1-0676-43d8-99b3-5a0d323af87c.clouding.host\/wp-content\/uploads\/2019\/07\/derecho-olvido.jpg","width":1000,"height":600,"caption":"derecho-olvido"},{"@type":"BreadcrumbList","@id":"http:\/\/78ba2ae1-0676-43d8-99b3-5a0d323af87c.clouding.host\/en\/que-es-el-derecho-al-olvido-en-internet\/#breadcrumb","itemListElement":[{"@type":"ListItem","position":1,"name":"Portada","item":"http:\/\/78ba2ae1-0676-43d8-99b3-5a0d323af87c.clouding.host\/en\/"},{"@type":"ListItem","position":2,"name":"\u00bfQu\u00e9 es el derecho al olvido en internet?"}]},{"@type":"WebSite","@id":"http:\/\/78ba2ae1-0676-43d8-99b3-5a0d323af87c.clouding.host\/#website","url":"http:\/\/78ba2ae1-0676-43d8-99b3-5a0d323af87c.clouding.host\/","name":"Adarsus - MetaClean","description":"Metadata solutions","publisher":{"@id":"http:\/\/78ba2ae1-0676-43d8-99b3-5a0d323af87c.clouding.host\/#organization"},"potentialAction":[{"@type":"SearchAction","target":{"@type":"EntryPoint","urlTemplate":"http:\/\/78ba2ae1-0676-43d8-99b3-5a0d323af87c.clouding.host\/?s={search_term_string}"},"query-input":{"@type":"PropertyValueSpecification","valueRequired":true,"valueName":"search_term_string"}}],"inLanguage":"en-US"},{"@type":"Organization","@id":"http:\/\/78ba2ae1-0676-43d8-99b3-5a0d323af87c.clouding.host\/#organization","name":"MetaClean","url":"http:\/\/78ba2ae1-0676-43d8-99b3-5a0d323af87c.clouding.host\/","logo":{"@type":"ImageObject","inLanguage":"en-US","@id":"http:\/\/78ba2ae1-0676-43d8-99b3-5a0d323af87c.clouding.host\/#\/schema\/logo\/image\/","url":"http:\/\/78ba2ae1-0676-43d8-99b3-5a0d323af87c.clouding.host\/wp-content\/uploads\/2018\/12\/metaclean-logo.png","contentUrl":"http:\/\/78ba2ae1-0676-43d8-99b3-5a0d323af87c.clouding.host\/wp-content\/uploads\/2018\/12\/metaclean-logo.png","width":303,"height":200,"caption":"MetaClean"},"image":{"@id":"http:\/\/78ba2ae1-0676-43d8-99b3-5a0d323af87c.clouding.host\/#\/schema\/logo\/image\/"}},{"@type":"Person","@id":"http:\/\/78ba2ae1-0676-43d8-99b3-5a0d323af87c.clouding.host\/#\/schema\/person\/86409e7eff0b52985ac256506a632793","name":"Metaclean Team"}]}},"_links":{"self":[{"href":"http:\/\/78ba2ae1-0676-43d8-99b3-5a0d323af87c.clouding.host\/en\/wp-json\/wp\/v2\/posts\/2869","targetHints":{"allow":["GET"]}}],"collection":[{"href":"http:\/\/78ba2ae1-0676-43d8-99b3-5a0d323af87c.clouding.host\/en\/wp-json\/wp\/v2\/posts"}],"about":[{"href":"http:\/\/78ba2ae1-0676-43d8-99b3-5a0d323af87c.clouding.host\/en\/wp-json\/wp\/v2\/types\/post"}],"author":[{"embeddable":true,"href":"http:\/\/78ba2ae1-0676-43d8-99b3-5a0d323af87c.clouding.host\/en\/wp-json\/wp\/v2\/users\/1"}],"replies":[{"embeddable":true,"href":"http:\/\/78ba2ae1-0676-43d8-99b3-5a0d323af87c.clouding.host\/en\/wp-json\/wp\/v2\/comments?post=2869"}],"version-history":[{"count":2,"href":"http:\/\/78ba2ae1-0676-43d8-99b3-5a0d323af87c.clouding.host\/en\/wp-json\/wp\/v2\/posts\/2869\/revisions"}],"predecessor-version":[{"id":2883,"href":"http:\/\/78ba2ae1-0676-43d8-99b3-5a0d323af87c.clouding.host\/en\/wp-json\/wp\/v2\/posts\/2869\/revisions\/2883"}],"wp:featuredmedia":[{"embeddable":true,"href":"http:\/\/78ba2ae1-0676-43d8-99b3-5a0d323af87c.clouding.host\/en\/wp-json\/wp\/v2\/media\/2737"}],"wp:attachment":[{"href":"http:\/\/78ba2ae1-0676-43d8-99b3-5a0d323af87c.clouding.host\/en\/wp-json\/wp\/v2\/media?parent=2869"}],"wp:term":[{"taxonomy":"category","embeddable":true,"href":"http:\/\/78ba2ae1-0676-43d8-99b3-5a0d323af87c.clouding.host\/en\/wp-json\/wp\/v2\/categories?post=2869"},{"taxonomy":"post_tag","embeddable":true,"href":"http:\/\/78ba2ae1-0676-43d8-99b3-5a0d323af87c.clouding.host\/en\/wp-json\/wp\/v2\/tags?post=2869"}],"curies":[{"name":"wp","href":"https:\/\/api.w.org\/{rel}","templated":true}]}}